{"id":99,"date":"2009-03-12T16:21:33","date_gmt":"2009-03-12T14:21:33","guid":{"rendered":"http:\/\/www.andreaskahler.de\/?p=99"},"modified":"2009-04-23T14:53:24","modified_gmt":"2009-04-23T12:53:24","slug":"tag-der-jugend-von-unfall-uberschattet","status":"publish","type":"post","link":"http:\/\/blog.andreaskahler.de\/?p=99","title":{"rendered":"Tag der Jugend von Unfall \u00c3\u00bcberschattet"},"content":{"rendered":"<p>Gr\u00c3\u00bcndlich schief ging ein Ausflug des Jugendzentrums \u00e2\u20ac\u017e<em>Youth Alive<\/em>\u00e2\u20ac\u0153. Statt eines sch\u00c3\u00b6nen Wochenendtages am Mutanda-Fluss erleben die Ausfl\u00c3\u00bcgler ein schweres Ungl\u00c3\u00bcck: Einer der Jugendlichen ertrinkt beim Schwimmen \u00e2\u20ac\u201c die Regenzeit bedingte \u00c3\u00bcberheftige Str\u00c3\u00b6mung erfasst ihn und zieht ihn in die Tiefe.<br \/>\nDer Vorfall \u00c3\u00bcberschattet die gesamte Woche der Jugend. Die Eltern und Familie des Ertrunkenen erheben schwere Vorw\u00c3\u00bcrfe und drohen erst wieder abzureisen, wenn der Leichnam gefunden und bestattet wurde. Das Ungl\u00c3\u00bcck geht allen Beteiligten sehr nah.<br \/>\nNachdem der tote Junge auch nach einer Woche nicht aus dem Mutande geborgen werden konnte, werden von der Familie traditionelle F\u00c3\u00bchrer (<em>chiefs<\/em>) gebeten, den Fluss vor Ort zu bitten, ihn wieder herzugeben.<br \/>\nZehn Tage nach dem Ungl\u00c3\u00bcck wird der \u00e2\u20ac\u201c inzwischen v\u00c3\u00b6llig erwei\u00c3\u0178te \u00e2\u20ac\u201c K\u00c3\u00b6rper des Jugendlichen tats\u00c3\u00a4chlich noch gefunden. Man ist erleichtert.<\/p>\n","protected":false},"excerpt":{"rendered":"<p>Gr\u00c3\u00bcndlich schief ging ein Ausflug des Jugendzentrums \u00e2\u20ac\u017eYouth Alive\u00e2\u20ac\u0153. Statt eines sch\u00c3\u00b6nen Wochenendtages am Mutanda-Fluss erleben die Ausfl\u00c3\u00bcgler ein schweres Ungl\u00c3\u00bcck: Einer der Jugendlichen ertrinkt beim Schwimmen \u00e2\u20ac\u201c die Regenzeit bedingte \u00c3\u00bcberheftige Str\u00c3\u00b6mung erfasst ihn und zieht ihn in die Tiefe. Der Vorfall \u00c3\u00bcberschattet die gesamte Woche der Jugend. Die Eltern und Familie des Ertrunkenen [&hellip;]<\/p>\n","protected":false},"author":2,"featured_media":0,"comment_status":"open","ping_status":"open","sticky":false,"template":"","format":"standard","meta":[],"categories":[1],"tags":[],"_links":{"self":[{"href":"http:\/\/blog.andreaskahler.de\/index.php?rest_route=\/wp\/v2\/posts\/99"}],"collection":[{"href":"http:\/\/blog.andreaskahler.de\/index.php?rest_route=\/wp\/v2\/posts"}],"about":[{"href":"http:\/\/blog.andreaskahler.de\/index.php?rest_route=\/wp\/v2\/types\/post"}],"author":[{"embeddable":true,"href":"http:\/\/blog.andreaskahler.de\/index.php?rest_route=\/wp\/v2\/users\/2"}],"replies":[{"embeddable":true,"href":"http:\/\/blog.andreaskahler.de\/index.php?rest_route=%2Fwp%2Fv2%2Fcomments&post=99"}],"version-history":[{"count":0,"href":"http:\/\/blog.andreaskahler.de\/index.php?rest_route=\/wp\/v2\/posts\/99\/revisions"}],"wp:attachment":[{"href":"http:\/\/blog.andreaskahler.de\/index.php?rest_route=%2Fwp%2Fv2%2Fmedia&parent=99"}],"wp:term":[{"taxonomy":"category","embeddable":true,"href":"http:\/\/blog.andreaskahler.de\/index.php?rest_route=%2Fwp%2Fv2%2Fcategories&post=99"},{"taxonomy":"post_tag","embeddable":true,"href":"http:\/\/blog.andreaskahler.de\/index.php?rest_route=%2Fwp%2Fv2%2Ftags&post=99"}],"curies":[{"name":"wp","href":"https:\/\/api.w.org\/{rel}","templated":true}]}}