{"id":96,"date":"2008-12-29T19:14:10","date_gmt":"2008-12-29T17:14:10","guid":{"rendered":"http:\/\/www.andreaskahler.de\/?p=96"},"modified":"2009-04-23T14:30:28","modified_gmt":"2009-04-23T12:30:28","slug":"%e2%80%9edas-auge-des-leoparden%e2%80%9c-mankells-fabelhaftes-zeitgeschichten-stuck","status":"publish","type":"post","link":"http:\/\/blog.andreaskahler.de\/?p=96","title":{"rendered":"\u00e2\u20ac\u017eDas Auge des Leoparden\u00e2\u20ac\u0153 &#8211; Mankells fabelhaftes Zeitgeschichten-St\u00c3\u00bcck"},"content":{"rendered":"<p>In welch erb\u00c3\u00a4rmlichen Zustand Z w\u00c3\u00a4hrend der  80er Jahre geraten war, davon zeugt Henning Mankells Roman. Anhand des Antihelden Hans Olofson wird nacherlebbar, wie arm und kaputt sich damals das Leben sowie Zusammenleben von Wei\u00c3\u0178en (<em>mzungus<\/em>) und Einheimischen gestaltete. <!--more--><br \/>\nUngeachtet s\u00c3\u00a4mtlicher, eher \u00c3\u00a4u\u00c3\u0178erlicher (Klischee-) Gegens\u00c3\u00a4tze zwischen Sambiern und Wei\u00c3\u0178en, die sie auch erz\u00c3\u00a4hlt, handelt die Erz\u00c3\u00a4hlung von einem \u00e2\u20ac\u017eSich-Ausschlie\u00c3\u0178enden-Gemeinsamen\u00e2\u20ac\u0153: gegenseitige Verletzbarkeit und Armut auf beiden Seiten. Das macht ihren Kern aus; der \u00e2\u20ac\u017eVerrat\u00e2\u20ac\u0153 erscheint allgegenw\u00c3\u00a4rtig (\u00e2\u20ac\u017edas Mutterland hat uns verraten\u00e2\u20ac\u0153, klagen die aus Zimbabwe Zugewanderten, die nun um ihr Leben bangen; \u00e2\u20ac\u017ein Rhodesien haben sie es erkannt und deshalb ist dort nicht alles derart schief gelaufen wie hier\u00e2\u20ac\u0153.)<br \/>\nOlofson, der \u00e2\u20ac\u017emutterlose\u00e2\u20ac\u0153 Schwede, erf\u00c3\u00a4hrt w\u00c3\u00a4hrend seiner 19 Sambia-Jahre ein hartes Erwachsenwerden; Schmerz, Hass, Leid bringen ihn fast um, und doch geht er nicht zugrunde.<br \/>\nEine Menge Komik, gespickt von absurder Weisheit, retten Mankells St\u00c3\u00bcck davor, blo\u00c3\u0178e Untergangsszenen zu evozieren. So liest sich einiges pl\u00c3\u00b6tzlich v\u00c3\u00b6llig Gegenwarts-beschreibend, obwohl ein Vierteljahrhundert her: Noch immer schwenkt Kenneth Kaunda, der Gr\u00c3\u00bcndungspr\u00c3\u00a4sident, bei jedem \u00c3\u00b6ffentlichen Auftritt sein wei\u00c3\u0178es Taschentuch, unver\u00c3\u00a4ndert vom Ger\u00c3\u00bccht wei\u00c3\u0178er Magie umgeben; Solwezi, Mufulira, Kansanshi (S. 152) sind nach wie vor Bestimmungsorte, \u00e2\u20ac\u017ewohin die Eier geliefert werden\u00e2\u20ac\u0153; nur dass der Lieferant aus Chingola nicht unbedingt den Namen Hans Olofson tr\u00c3\u00a4gt. Aber unver\u00c3\u00a4ndert hei\u00c3\u0178en indische H\u00c3\u00a4ndler in Solwezi Patel. <\/p>\n","protected":false},"excerpt":{"rendered":"<p>In welch erb\u00c3\u00a4rmlichen Zustand Z w\u00c3\u00a4hrend der 80er Jahre geraten war, davon zeugt Henning Mankells Roman. Anhand des Antihelden Hans Olofson wird nacherlebbar, wie arm und kaputt sich damals das Leben sowie Zusammenleben von Wei\u00c3\u0178en (mzungus) und Einheimischen gestaltete.<\/p>\n","protected":false},"author":2,"featured_media":0,"comment_status":"open","ping_status":"open","sticky":false,"template":"","format":"standard","meta":[],"categories":[1],"tags":[],"_links":{"self":[{"href":"http:\/\/blog.andreaskahler.de\/index.php?rest_route=\/wp\/v2\/posts\/96"}],"collection":[{"href":"http:\/\/blog.andreaskahler.de\/index.php?rest_route=\/wp\/v2\/posts"}],"about":[{"href":"http:\/\/blog.andreaskahler.de\/index.php?rest_route=\/wp\/v2\/types\/post"}],"author":[{"embeddable":true,"href":"http:\/\/blog.andreaskahler.de\/index.php?rest_route=\/wp\/v2\/users\/2"}],"replies":[{"embeddable":true,"href":"http:\/\/blog.andreaskahler.de\/index.php?rest_route=%2Fwp%2Fv2%2Fcomments&post=96"}],"version-history":[{"count":0,"href":"http:\/\/blog.andreaskahler.de\/index.php?rest_route=\/wp\/v2\/posts\/96\/revisions"}],"wp:attachment":[{"href":"http:\/\/blog.andreaskahler.de\/index.php?rest_route=%2Fwp%2Fv2%2Fmedia&parent=96"}],"wp:term":[{"taxonomy":"category","embeddable":true,"href":"http:\/\/blog.andreaskahler.de\/index.php?rest_route=%2Fwp%2Fv2%2Fcategories&post=96"},{"taxonomy":"post_tag","embeddable":true,"href":"http:\/\/blog.andreaskahler.de\/index.php?rest_route=%2Fwp%2Fv2%2Ftags&post=96"}],"curies":[{"name":"wp","href":"https:\/\/api.w.org\/{rel}","templated":true}]}}