{"id":9,"date":"2007-05-07T12:26:44","date_gmt":"2007-05-07T10:26:44","guid":{"rendered":"http:\/\/www.andreaskahler.de\/?p=9"},"modified":"2007-05-07T12:26:44","modified_gmt":"2007-05-07T10:26:44","slug":"ankunft","status":"publish","type":"post","link":"http:\/\/blog.andreaskahler.de\/?p=9","title":{"rendered":"Ankunft"},"content":{"rendered":"<p>30.3.07<br \/>\nAfrikas Morgengrauen &#8211; Erster Eindruck, im Landeanflug: dies nie gesehene r\u00c3\u00b6tliche Licht, das durchs Bullaugenfenster ins Flugzeug f\u00c3\u00a4llt. Zuerst f\u00c3\u00bcr k\u00c3\u00bcnstlich gehalten, schattierte es die beschen Innenw\u00c3\u00a4nde. Aorta \u00e2\u20ac\u201c ein physisches Rot wie von Blutgef\u00c3\u00a4ssen (motherland Africa). Letzte Worte am Anfang: \u00e2\u20ac\u017eMehr Licht!\u00e2\u20ac\u0153<\/p>\n<p>Comic oder Warnung? Faszinierend, wie sich in Werbeplakaten od. Reklameclips die (Marketing-) Welten brechen: Am Flughafen musste ich laut lachen \u00c3\u00bcber die Zoll-Aushang: \u00e2\u20ac\u017eHave you something to declare?\u00e2\u20ac\u0153 mit einem \u00e2\u20ac\u201c ganz und gar unwirklich bizzar &#8211; in viele Einzelteile und Waren zerfallenden bzw. auseinander fliegenden Paket (u.a. Brennstoff, Waffen, Munition, Gift, elektronische Ger\u00c3\u00a4te usw.) \u00e2\u20ac\u201c ich verlas \u00e2\u20ac\u017eHOW DO YOU DECLARE IT?\u00e2\u20ac\u0153<\/p>\n<p>29.3.07<br \/>\nKurz vor Abflug stelle ich deutlich \u00c3\u0153bergewicht fest (20 Kilo Freigep\u00c3\u00a4ck sind zu wenig). Packe am Flughafen Tegel also eine Menge Kleidungsst\u00c3\u00bccke wieder aus und habe mit dem zus\u00c3\u00a4tzlichen \u00e2\u20ac\u017eHandgep\u00c3\u00a4ck\u00e2\u20ac\u0153 alle H\u00c3\u00a4nde voll zu tun.<br \/>\nFAZ beschert dann sinnige Abschiedslekt\u00c3\u00bcre: \u00e2\u20ac\u017eEU r\u00c3\u00bcstet sich gegen Fl\u00c3\u00bcchtlingsandrang. Mit Hubschraubern gegen illegale Einwanderung.\u00e2\u20ac\u0153 Auch an die zuletzt rund 6.000 im Mittelmeer ertrunkenen Afrikaner erinnert der Artikel \u00c3\u00bcber die \u00e2\u20ac\u017eFr\u00c3\u00bchjahrsoffensive\u00e2\u20ac\u0153. Eher ins Auge sticht jedoch der Bericht \u00c3\u00bcber den \u00e2\u20ac\u017eBerliner Museumskrach\u00e2\u20ac\u0153.  Von G8- oder EU-Vorsitz k\u00c3\u00bcndet an diesem Donnerstag einzig die Nachricht zur Kasachstanreise des Au\u00c3\u0178enministers, der in Zentralasien neue \u00c3\u2013lquellen organisieren will.<\/p>\n","protected":false},"excerpt":{"rendered":"<p>30.3.07 Afrikas Morgengrauen &#8211; Erster Eindruck, im Landeanflug: dies nie gesehene r\u00c3\u00b6tliche Licht, das durchs Bullaugenfenster ins Flugzeug f\u00c3\u00a4llt. Zuerst f\u00c3\u00bcr k\u00c3\u00bcnstlich gehalten, schattierte es die beschen Innenw\u00c3\u00a4nde. Aorta \u00e2\u20ac\u201c ein physisches Rot wie von Blutgef\u00c3\u00a4ssen (motherland Africa). Letzte Worte am Anfang: \u00e2\u20ac\u017eMehr Licht!\u00e2\u20ac\u0153 Comic oder Warnung? Faszinierend, wie sich in Werbeplakaten od. Reklameclips die [&hellip;]<\/p>\n","protected":false},"author":2,"featured_media":0,"comment_status":"open","ping_status":"open","sticky":false,"template":"","format":"standard","meta":[],"categories":[1],"tags":[],"_links":{"self":[{"href":"http:\/\/blog.andreaskahler.de\/index.php?rest_route=\/wp\/v2\/posts\/9"}],"collection":[{"href":"http:\/\/blog.andreaskahler.de\/index.php?rest_route=\/wp\/v2\/posts"}],"about":[{"href":"http:\/\/blog.andreaskahler.de\/index.php?rest_route=\/wp\/v2\/types\/post"}],"author":[{"embeddable":true,"href":"http:\/\/blog.andreaskahler.de\/index.php?rest_route=\/wp\/v2\/users\/2"}],"replies":[{"embeddable":true,"href":"http:\/\/blog.andreaskahler.de\/index.php?rest_route=%2Fwp%2Fv2%2Fcomments&post=9"}],"version-history":[{"count":0,"href":"http:\/\/blog.andreaskahler.de\/index.php?rest_route=\/wp\/v2\/posts\/9\/revisions"}],"wp:attachment":[{"href":"http:\/\/blog.andreaskahler.de\/index.php?rest_route=%2Fwp%2Fv2%2Fmedia&parent=9"}],"wp:term":[{"taxonomy":"category","embeddable":true,"href":"http:\/\/blog.andreaskahler.de\/index.php?rest_route=%2Fwp%2Fv2%2Fcategories&post=9"},{"taxonomy":"post_tag","embeddable":true,"href":"http:\/\/blog.andreaskahler.de\/index.php?rest_route=%2Fwp%2Fv2%2Ftags&post=9"}],"curies":[{"name":"wp","href":"https:\/\/api.w.org\/{rel}","templated":true}]}}