{"id":85,"date":"2008-04-11T09:07:33","date_gmt":"2008-04-11T07:07:33","guid":{"rendered":"http:\/\/www.andreaskahler.de\/?p=85"},"modified":"2008-11-03T09:30:38","modified_gmt":"2008-11-03T07:30:38","slug":"40-jahre-ded-in-sambia","status":"publish","type":"post","link":"http:\/\/blog.andreaskahler.de\/?p=85","title":{"rendered":"40 Jahre DED in Sambia"},"content":{"rendered":"<p>Ist das ein Grund zum Feiern, wenn nach vier Jahrzehnten immer noch die EntwicklungshelferInnen des Deuschen Entwicklungsdienstes nach Sambia kommen, weil die Entwicklung nach wie vor nicht selbsttragend genug ist, um ohne Unterst\u00c3\u00bctzung aus den Industriel\u00c3\u00a4ndern auszukommen?<br \/>\nJedenfalls &#8222;will&#8220; der runde Jahrestag gefeiert sein. Und man bem\u00c3\u00bcht sich, herauszustellen, was sich so seit 1968 ge\u00c3\u00a4ndert hat an der sambischen DED-Arbeit: Die <em>DWs<\/em>, also <em>Development Workers<\/em>, EntwicklungshelferInnen, sind inzwischen wesentlich \u00c3\u00a4lter; sie arbeiten professioneller, wurden meistens akademisch sozialisiert; die T\u00c3\u00a4tigkeitsfelder des DED haben sich ebenfalls ver\u00c3\u00a4ndert: statt Berufsausbildung, Landwirtschaftsf\u00c3\u00b6rderung, Schulen, hei\u00c3\u0178en die Schwerpunkte Dezentralisierung, Demokratief\u00c3\u00b6rderung, F\u00c3\u00b6rderung der Privatwirtschaft, Wasser.<\/p>\n<p>Leider fanden sich wohl nicht ausreichend Zeitdokumente, um eine richtige Chronologie oder Geschichte des DED in Sambia zu erz\u00c3\u00a4hlen, zu berichten von der &#8222;Enwicklung des Entwicklungsdienstes&#8220;. Mit 40 Jahren sollten Institutionen zur Reflexion in der Lage sein.<\/p>\n<p><em>Response <\/em>sieht heute anders aus als 1968. Entwicklungszusammenarbeit geht von beiden Seiten aus, um das zu werden, was wir so &#8222;nachhaltig&#8220; nennen.<\/p>\n","protected":false},"excerpt":{"rendered":"<p>Ist das ein Grund zum Feiern, wenn nach vier Jahrzehnten immer noch die EntwicklungshelferInnen des Deuschen Entwicklungsdienstes nach Sambia kommen, weil die Entwicklung nach wie vor nicht selbsttragend genug ist, um ohne Unterst\u00c3\u00bctzung aus den Industriel\u00c3\u00a4ndern auszukommen? Jedenfalls &#8222;will&#8220; der runde Jahrestag gefeiert sein. Und man bem\u00c3\u00bcht sich, herauszustellen, was sich so seit 1968 ge\u00c3\u00a4ndert [&hellip;]<\/p>\n","protected":false},"author":2,"featured_media":0,"comment_status":"open","ping_status":"open","sticky":false,"template":"","format":"standard","meta":[],"categories":[1],"tags":[],"_links":{"self":[{"href":"http:\/\/blog.andreaskahler.de\/index.php?rest_route=\/wp\/v2\/posts\/85"}],"collection":[{"href":"http:\/\/blog.andreaskahler.de\/index.php?rest_route=\/wp\/v2\/posts"}],"about":[{"href":"http:\/\/blog.andreaskahler.de\/index.php?rest_route=\/wp\/v2\/types\/post"}],"author":[{"embeddable":true,"href":"http:\/\/blog.andreaskahler.de\/index.php?rest_route=\/wp\/v2\/users\/2"}],"replies":[{"embeddable":true,"href":"http:\/\/blog.andreaskahler.de\/index.php?rest_route=%2Fwp%2Fv2%2Fcomments&post=85"}],"version-history":[{"count":0,"href":"http:\/\/blog.andreaskahler.de\/index.php?rest_route=\/wp\/v2\/posts\/85\/revisions"}],"wp:attachment":[{"href":"http:\/\/blog.andreaskahler.de\/index.php?rest_route=%2Fwp%2Fv2%2Fmedia&parent=85"}],"wp:term":[{"taxonomy":"category","embeddable":true,"href":"http:\/\/blog.andreaskahler.de\/index.php?rest_route=%2Fwp%2Fv2%2Fcategories&post=85"},{"taxonomy":"post_tag","embeddable":true,"href":"http:\/\/blog.andreaskahler.de\/index.php?rest_route=%2Fwp%2Fv2%2Ftags&post=85"}],"curies":[{"name":"wp","href":"https:\/\/api.w.org\/{rel}","templated":true}]}}