{"id":72,"date":"2008-09-03T12:15:21","date_gmt":"2008-09-03T10:15:21","guid":{"rendered":"http:\/\/www.andreaskahler.de\/?p=72"},"modified":"2008-11-02T13:59:02","modified_gmt":"2008-11-02T11:59:02","slug":"mwanawasa-tag","status":"publish","type":"post","link":"http:\/\/blog.andreaskahler.de\/?p=72","title":{"rendered":"Mwanawasa-Tag"},"content":{"rendered":"<p>Heute wird Mwanawasa beerdigt, und die Regierung hat den \u00e2\u20ac\u017eMwanawasa-Tag\u00e2\u20ac\u0153 zum gesetzlichen Feiertag erkl\u00c3\u00a4rt. ZNBC, der staatliche Fernsehsender, \u00c3\u00bcbertrug soeben Mbekis Kondolenzrede, jetzt spricht der tansanische Regierungschef; ich \u00c3\u00bcberlege, ob nachher auch noch Mugabe reden wird?<br \/>\nW\u00c3\u00a4hrend der vergangenen Tage hatte sich die Staatstrauer schon gewaltig mit blankem Wahlkampfkrach gemischt, sodass es wirklich h\u00c3\u00b6chste Zeit wird, dass die nationale Trauerzeit ein Ende findet. Sind es doch blo\u00c3\u0178 90 Tage, die bis zur Pr\u00c3\u00a4sidentschaftswahl verstreichen d\u00c3\u00bcrfen, was f\u00c3\u00bcr die Vorbereitungen wie auch den Parteiwettkampf eine beispiellos knappe Frist bedeutet.<\/p>\n","protected":false},"excerpt":{"rendered":"<p>Heute wird Mwanawasa beerdigt, und die Regierung hat den \u00e2\u20ac\u017eMwanawasa-Tag\u00e2\u20ac\u0153 zum gesetzlichen Feiertag erkl\u00c3\u00a4rt. ZNBC, der staatliche Fernsehsender, \u00c3\u00bcbertrug soeben Mbekis Kondolenzrede, jetzt spricht der tansanische Regierungschef; ich \u00c3\u00bcberlege, ob nachher auch noch Mugabe reden wird? W\u00c3\u00a4hrend der vergangenen Tage hatte sich die Staatstrauer schon gewaltig mit blankem Wahlkampfkrach gemischt, sodass es wirklich h\u00c3\u00b6chste Zeit [&hellip;]<\/p>\n","protected":false},"author":2,"featured_media":0,"comment_status":"open","ping_status":"open","sticky":false,"template":"","format":"standard","meta":[],"categories":[1],"tags":[],"_links":{"self":[{"href":"http:\/\/blog.andreaskahler.de\/index.php?rest_route=\/wp\/v2\/posts\/72"}],"collection":[{"href":"http:\/\/blog.andreaskahler.de\/index.php?rest_route=\/wp\/v2\/posts"}],"about":[{"href":"http:\/\/blog.andreaskahler.de\/index.php?rest_route=\/wp\/v2\/types\/post"}],"author":[{"embeddable":true,"href":"http:\/\/blog.andreaskahler.de\/index.php?rest_route=\/wp\/v2\/users\/2"}],"replies":[{"embeddable":true,"href":"http:\/\/blog.andreaskahler.de\/index.php?rest_route=%2Fwp%2Fv2%2Fcomments&post=72"}],"version-history":[{"count":0,"href":"http:\/\/blog.andreaskahler.de\/index.php?rest_route=\/wp\/v2\/posts\/72\/revisions"}],"wp:attachment":[{"href":"http:\/\/blog.andreaskahler.de\/index.php?rest_route=%2Fwp%2Fv2%2Fmedia&parent=72"}],"wp:term":[{"taxonomy":"category","embeddable":true,"href":"http:\/\/blog.andreaskahler.de\/index.php?rest_route=%2Fwp%2Fv2%2Fcategories&post=72"},{"taxonomy":"post_tag","embeddable":true,"href":"http:\/\/blog.andreaskahler.de\/index.php?rest_route=%2Fwp%2Fv2%2Ftags&post=72"}],"curies":[{"name":"wp","href":"https:\/\/api.w.org\/{rel}","templated":true}]}}