{"id":71,"date":"2008-09-05T13:13:16","date_gmt":"2008-09-05T11:13:16","guid":{"rendered":"http:\/\/www.andreaskahler.de\/?p=71"},"modified":"2008-11-02T13:53:09","modified_gmt":"2008-11-02T11:53:09","slug":"celtel-wird-zain","status":"publish","type":"post","link":"http:\/\/blog.andreaskahler.de\/?p=71","title":{"rendered":"Celtel wird ZAIN"},"content":{"rendered":"<p><strong>\u00e2\u20ac\u017eCELTEL wird ZAIN\u00e2\u20ac\u0153<\/strong><em>. Das bedeutet, halbe St\u00c3\u00a4dte ver\u00c3\u00a4ndern ihre Farbe \u00e2\u20ac\u201c von Blutrot (Markenfarbe von CELTEL ZAMBIA) zu Violett und T\u00c3\u00bcrkis (ZAIN); hei\u00c3\u0178t, Hunderte Fahrzeuge auf Sambias Fernstrassen und Wegen \u00c3\u00a4ndern ihr Aussehen, allgegenw\u00c3\u00a4rtige Radiojingles und TV-Klips werden \u00c3\u00bcber Nacht ausgetauscht \u00e2\u20ac\u201c und das Mobilnetz der gr\u00c3\u00b6\u00c3\u0178ten Handyanbieters ist vor erst nur noch \u00c3\u00bcberlastet. <!--more--><br \/>\nJeder fragt sich, warum das Megaunternehmen schon wieder, nach dem letzten Relaunch und kurz nach seinem Marktgang an die Lusaka-B\u00c3\u00b6rse die Marke wechselt.<br \/>\nIn einem Land, in dem nichts so sehr die Ankunft der globalen Marktwirtschaft verk\u00c3\u00b6rpert wie der Siegeszug des Handys, stiftet diese Marketingentscheidung eine Menge Unruhe \u00e2\u20ac\u201c wie ein pl\u00c3\u00b6tzliches Unwetter, ein Brand, ein Wirbelwind.<br \/>\nOffenkundig zielt die neue ZAIN-Strategie auf einen afrikanischen Massenmarkt \u00e2\u20ac\u201c doch ob das Absehen vom lokalen Befinden dem Gesch\u00c3\u00a4ft hilft? Globalisierung stellt sich selbst in Frage.<\/p>\n","protected":false},"excerpt":{"rendered":"<p>\u00e2\u20ac\u017eCELTEL wird ZAIN\u00e2\u20ac\u0153. Das bedeutet, halbe St\u00c3\u00a4dte ver\u00c3\u00a4ndern ihre Farbe \u00e2\u20ac\u201c von Blutrot (Markenfarbe von CELTEL ZAMBIA) zu Violett und T\u00c3\u00bcrkis (ZAIN); hei\u00c3\u0178t, Hunderte Fahrzeuge auf Sambias Fernstrassen und Wegen \u00c3\u00a4ndern ihr Aussehen, allgegenw\u00c3\u00a4rtige Radiojingles und TV-Klips werden \u00c3\u00bcber Nacht ausgetauscht \u00e2\u20ac\u201c und das Mobilnetz der gr\u00c3\u00b6\u00c3\u0178ten Handyanbieters ist vor erst nur noch \u00c3\u00bcberlastet.<\/p>\n","protected":false},"author":2,"featured_media":0,"comment_status":"open","ping_status":"open","sticky":false,"template":"","format":"standard","meta":[],"categories":[1],"tags":[],"_links":{"self":[{"href":"http:\/\/blog.andreaskahler.de\/index.php?rest_route=\/wp\/v2\/posts\/71"}],"collection":[{"href":"http:\/\/blog.andreaskahler.de\/index.php?rest_route=\/wp\/v2\/posts"}],"about":[{"href":"http:\/\/blog.andreaskahler.de\/index.php?rest_route=\/wp\/v2\/types\/post"}],"author":[{"embeddable":true,"href":"http:\/\/blog.andreaskahler.de\/index.php?rest_route=\/wp\/v2\/users\/2"}],"replies":[{"embeddable":true,"href":"http:\/\/blog.andreaskahler.de\/index.php?rest_route=%2Fwp%2Fv2%2Fcomments&post=71"}],"version-history":[{"count":0,"href":"http:\/\/blog.andreaskahler.de\/index.php?rest_route=\/wp\/v2\/posts\/71\/revisions"}],"wp:attachment":[{"href":"http:\/\/blog.andreaskahler.de\/index.php?rest_route=%2Fwp%2Fv2%2Fmedia&parent=71"}],"wp:term":[{"taxonomy":"category","embeddable":true,"href":"http:\/\/blog.andreaskahler.de\/index.php?rest_route=%2Fwp%2Fv2%2Fcategories&post=71"},{"taxonomy":"post_tag","embeddable":true,"href":"http:\/\/blog.andreaskahler.de\/index.php?rest_route=%2Fwp%2Fv2%2Ftags&post=71"}],"curies":[{"name":"wp","href":"https:\/\/api.w.org\/{rel}","templated":true}]}}