{"id":65,"date":"2008-10-09T19:04:37","date_gmt":"2008-10-09T17:04:37","guid":{"rendered":"http:\/\/www.andreaskahler.de\/?p=65"},"modified":"2008-11-02T13:50:19","modified_gmt":"2008-11-02T11:50:19","slug":"091008","status":"publish","type":"post","link":"http:\/\/blog.andreaskahler.de\/?p=65","title":{"rendered":"09.10.08"},"content":{"rendered":"<p>&#8230;und schon k\u00c3\u00bcndet ein Schauer-Vorbote mit Hagel und Gewitter vom Beginn der Regenzeit. Ganz Solwezi war heute zudem von einem 10-st\u00c3\u00bcndigen Stromausfall verdunkelt, verlangsamt und auf Leise gestellt. (Normalerweise dr\u00c3\u00b6hnen ja entlang der Hauptstrasse Stereoanlagen und Gettoblaster alles zu.)<br \/>\nUngeachtet der globalen Finanzkrise erzeugt Weltpolitik hier kaum Schlagzeilen. Ist kein Thema. Dieses Desinteresse an internationalen Geschehnissen bleibt unbegreiflich f\u00c3\u00bcr mich. Das liegt schlie\u00c3\u0178lich nicht am aktuellen Pr\u00c3\u00a4sidentschaftswahlkampf, sondern stellt ein st\u00c3\u00a4ndiges Ph\u00c3\u00a4nomen dar. Egal, ob auf der Strasse, im B\u00c3\u00bcro oder in welchen Medien auch immer, kommt Ausland eigentlich nur unter \u00e2\u20ac\u017eVermischtes\u00e2\u20ac\u0153, d.h. \u00e2\u20ac\u017eFerner liefen\u00e2\u20ac\u0153 vor. Haupts\u00c3\u00a4chlich Promiklatsch sowie Kuriosit\u00c3\u00a4ten schaffen es ins TV oder in die Bl\u00c3\u00a4tter; neulich meldet etwa \u00e2\u20ac\u017eThe Post\u00e2\u20ac\u0153 aus Kamen in Westfalen, dass dort ein R\u00c3\u00a4uber nach seinem Diebstahl so schlechtes Gewissen bekam, dass er am Folgetag eine schriftliche Entschuldigung und Entsch\u00c3\u00a4digungsgeld f\u00c3\u00bcr die Angestellten ins ausger\u00c3\u00a4umte Gesch\u00c3\u00a4ft brachte.<br \/>\n(OK, mittags ist das Fernsehprogramm der Deutschen Welle auf ZNBC eine kleine ausl\u00c3\u00a4ndische Ausnahme.)<\/p>\n","protected":false},"excerpt":{"rendered":"<p>&#8230;und schon k\u00c3\u00bcndet ein Schauer-Vorbote mit Hagel und Gewitter vom Beginn der Regenzeit. Ganz Solwezi war heute zudem von einem 10-st\u00c3\u00bcndigen Stromausfall verdunkelt, verlangsamt und auf Leise gestellt. (Normalerweise dr\u00c3\u00b6hnen ja entlang der Hauptstrasse Stereoanlagen und Gettoblaster alles zu.) Ungeachtet der globalen Finanzkrise erzeugt Weltpolitik hier kaum Schlagzeilen. Ist kein Thema. Dieses Desinteresse an internationalen [&hellip;]<\/p>\n","protected":false},"author":2,"featured_media":0,"comment_status":"open","ping_status":"open","sticky":false,"template":"","format":"standard","meta":[],"categories":[1],"tags":[],"_links":{"self":[{"href":"http:\/\/blog.andreaskahler.de\/index.php?rest_route=\/wp\/v2\/posts\/65"}],"collection":[{"href":"http:\/\/blog.andreaskahler.de\/index.php?rest_route=\/wp\/v2\/posts"}],"about":[{"href":"http:\/\/blog.andreaskahler.de\/index.php?rest_route=\/wp\/v2\/types\/post"}],"author":[{"embeddable":true,"href":"http:\/\/blog.andreaskahler.de\/index.php?rest_route=\/wp\/v2\/users\/2"}],"replies":[{"embeddable":true,"href":"http:\/\/blog.andreaskahler.de\/index.php?rest_route=%2Fwp%2Fv2%2Fcomments&post=65"}],"version-history":[{"count":0,"href":"http:\/\/blog.andreaskahler.de\/index.php?rest_route=\/wp\/v2\/posts\/65\/revisions"}],"wp:attachment":[{"href":"http:\/\/blog.andreaskahler.de\/index.php?rest_route=%2Fwp%2Fv2%2Fmedia&parent=65"}],"wp:term":[{"taxonomy":"category","embeddable":true,"href":"http:\/\/blog.andreaskahler.de\/index.php?rest_route=%2Fwp%2Fv2%2Fcategories&post=65"},{"taxonomy":"post_tag","embeddable":true,"href":"http:\/\/blog.andreaskahler.de\/index.php?rest_route=%2Fwp%2Fv2%2Ftags&post=65"}],"curies":[{"name":"wp","href":"https:\/\/api.w.org\/{rel}","templated":true}]}}