{"id":63,"date":"2008-10-17T17:00:54","date_gmt":"2008-10-17T15:00:54","guid":{"rendered":"http:\/\/www.andreaskahler.de\/?p=63"},"modified":"2008-11-03T09:38:56","modified_gmt":"2008-11-03T07:38:56","slug":"d-day-des-global-call-against-poverty","status":"publish","type":"post","link":"http:\/\/blog.andreaskahler.de\/?p=63","title":{"rendered":"D-Day des &#8222;Global Call Against Poverty&#8220;"},"content":{"rendered":"<p>Bunt war`s und heiter. Die Kundgebungen waren nicht sonderlich politisch, doch tats\u00c3\u00a4chlich von b\u00c3\u00bcrgerlich-b\u00c3\u00bcrgerschaftlich Geist getragen, echt engagiert. Und dieser \u00e2\u20ac\u201c erstmals in Solwezi stattfindende \u00e2\u20ac\u201c zivilgesellschaftliche \u00e2\u20ac\u017eGlobal Day Against Poverty\u00e2\u20ac\u0153 hat viele ermutigt, indem das Event vor Augen f\u00c3\u00bchrte, was so alles m\u00c3\u00b6glich ist (oder w\u00c3\u00a4re).<br \/>\n\u00e2\u20ac\u017eStand up and Speak out!\u00e2\u20ac\u0153 heisst es allj\u00c3\u00a4hrlich am 17. Oktober, dem Weltarmutstag (oder: Antiarmutstag?). Wie schon 2007 konnten wir CSPR dazu bringen, ihren j\u00c3\u00a4hrlichen Civil Society Day auf diesen selben D-Day zu legen, was schlie\u00c3\u0178lich nahe liegt f\u00c3\u00bcr eine \u00e2\u20ac\u017eCivil Society for Poverty Reduction\u00e2\u20ac\u0153.<\/p>\n","protected":false},"excerpt":{"rendered":"<p>Bunt war`s und heiter. Die Kundgebungen waren nicht sonderlich politisch, doch tats\u00c3\u00a4chlich von b\u00c3\u00bcrgerlich-b\u00c3\u00bcrgerschaftlich Geist getragen, echt engagiert. Und dieser \u00e2\u20ac\u201c erstmals in Solwezi stattfindende \u00e2\u20ac\u201c zivilgesellschaftliche \u00e2\u20ac\u017eGlobal Day Against Poverty\u00e2\u20ac\u0153 hat viele ermutigt, indem das Event vor Augen f\u00c3\u00bchrte, was so alles m\u00c3\u00b6glich ist (oder w\u00c3\u00a4re). \u00e2\u20ac\u017eStand up and Speak out!\u00e2\u20ac\u0153 heisst es allj\u00c3\u00a4hrlich [&hellip;]<\/p>\n","protected":false},"author":2,"featured_media":0,"comment_status":"open","ping_status":"open","sticky":false,"template":"","format":"standard","meta":[],"categories":[3],"tags":[],"_links":{"self":[{"href":"http:\/\/blog.andreaskahler.de\/index.php?rest_route=\/wp\/v2\/posts\/63"}],"collection":[{"href":"http:\/\/blog.andreaskahler.de\/index.php?rest_route=\/wp\/v2\/posts"}],"about":[{"href":"http:\/\/blog.andreaskahler.de\/index.php?rest_route=\/wp\/v2\/types\/post"}],"author":[{"embeddable":true,"href":"http:\/\/blog.andreaskahler.de\/index.php?rest_route=\/wp\/v2\/users\/2"}],"replies":[{"embeddable":true,"href":"http:\/\/blog.andreaskahler.de\/index.php?rest_route=%2Fwp%2Fv2%2Fcomments&post=63"}],"version-history":[{"count":0,"href":"http:\/\/blog.andreaskahler.de\/index.php?rest_route=\/wp\/v2\/posts\/63\/revisions"}],"wp:attachment":[{"href":"http:\/\/blog.andreaskahler.de\/index.php?rest_route=%2Fwp%2Fv2%2Fmedia&parent=63"}],"wp:term":[{"taxonomy":"category","embeddable":true,"href":"http:\/\/blog.andreaskahler.de\/index.php?rest_route=%2Fwp%2Fv2%2Fcategories&post=63"},{"taxonomy":"post_tag","embeddable":true,"href":"http:\/\/blog.andreaskahler.de\/index.php?rest_route=%2Fwp%2Fv2%2Ftags&post=63"}],"curies":[{"name":"wp","href":"https:\/\/api.w.org\/{rel}","templated":true}]}}