{"id":62,"date":"2008-10-24T18:59:32","date_gmt":"2008-10-24T16:59:32","guid":{"rendered":"http:\/\/www.andreaskahler.de\/?p=62"},"modified":"2008-11-02T13:57:48","modified_gmt":"2008-11-02T11:57:48","slug":"44-unabhangigkeitstag-die-zentrale-feier-fallt-aus","status":"publish","type":"post","link":"http:\/\/blog.andreaskahler.de\/?p=62","title":{"rendered":"44. Unabh\u00c3\u00a4ngigkeitstag: die zentrale Feier f\u00c3\u00a4llt aus"},"content":{"rendered":"<p>Kaum zu fassen: Weder auf dem Messegel\u00c3\u00a4nde (Showground) noch sonst wo in Lusaka herrscht das normalerweise am Independence Day \u00c3\u00bcbliche Trara und Treiben. 2008 steigt kein Fest. Ein Aufsichtsbeamter erkl\u00c3\u00a4rt im Showground, Feierlichkeiten k\u00c3\u00b6nnten deshalb nicht stattfinden, weil zum einen der Tot des Pr\u00c3\u00a4sidenten noch zu frisch sei; zum anderen, weil das Land eine Woche vor dem Wahltag restlos im Zeichen der Parteipolitik stehe.<!--more--><br \/>\n\u00e2\u20ac\u017eLet the People Talk\u00e2\u20ac\u0153: Warum so viele ihre Stimme verkaufen<br \/>\nLifesendung auf Radio Phoenix: Eine Runde von NGO-Leuten (Transparency International, NGOCC u.a.) diskutiert den laufenden Wahlkampf.  Die Talk-Runde ist sich einig, dass ihm \u00c3\u00b6ffentliche Debatten gut t\u00c3\u00a4ten. Denn gerade mangels solcher Kontroversen zwischen den Opponenten, leide der Wahlkampf an programmatischer Leere und am \u00c3\u0153berma\u00c3\u0178 pers\u00c3\u00b6nlicher Anfeindungen. Statt um Themen und Konzepte geht es fast ausschlie\u00c3\u0178lich um Personen.<br \/>\nInteressant ist es dann vor allem, dem Streit dar\u00c3\u00bcber zu lauschen, weshalb so viele B\u00c3\u00bcrgerinnen und B\u00c3\u00bcrger ihre Stimmen verkaufen. Bemerkenswert f\u00c3\u00bcr europ\u00c3\u00a4ische Ohren, wie offen die meisten Zivilgesellschaftsvertreter die K\u00c3\u00a4uflichkeit ihrer Landsleute verteidigen. Dass sie sich bestechen liessen und freim\u00c3\u00bctig ihre W\u00c3\u00a4hlerkarten herg\u00c3\u00a4ben, sei nur allzu verst\u00c3\u00a4ndlich, schlie\u00c3\u0178lich k\u00c3\u00b6nne niemand von ihnen ernsthaft an eine Ver\u00c3\u00a4nderung im eigenen Leben durch den Wahlausgang glauben, also wollten sie zumindest \u00e2\u20ac\u201c in ihrer dr\u00c3\u00bcckenden Armut \u00e2\u20ac\u201c f\u00c3\u00bcr sich unmittelbar herausholen, was zu haben sei: Geldgeschenke oder Maismehl. Die \u00c3\u00bcber die D\u00c3\u00b6rfer ziehenden Parteikader br\u00c3\u00a4chten ihnen zumindest eine Mahlzeit f\u00c3\u00bcr die Familie vorbei &#8211; warum sollten sie da auf ihre Stimme nicht verzichten?<\/p>\n","protected":false},"excerpt":{"rendered":"<p>Kaum zu fassen: Weder auf dem Messegel\u00c3\u00a4nde (Showground) noch sonst wo in Lusaka herrscht das normalerweise am Independence Day \u00c3\u00bcbliche Trara und Treiben. 2008 steigt kein Fest. Ein Aufsichtsbeamter erkl\u00c3\u00a4rt im Showground, Feierlichkeiten k\u00c3\u00b6nnten deshalb nicht stattfinden, weil zum einen der Tot des Pr\u00c3\u00a4sidenten noch zu frisch sei; zum anderen, weil das Land eine Woche [&hellip;]<\/p>\n","protected":false},"author":2,"featured_media":0,"comment_status":"open","ping_status":"open","sticky":false,"template":"","format":"standard","meta":[],"categories":[3],"tags":[],"_links":{"self":[{"href":"http:\/\/blog.andreaskahler.de\/index.php?rest_route=\/wp\/v2\/posts\/62"}],"collection":[{"href":"http:\/\/blog.andreaskahler.de\/index.php?rest_route=\/wp\/v2\/posts"}],"about":[{"href":"http:\/\/blog.andreaskahler.de\/index.php?rest_route=\/wp\/v2\/types\/post"}],"author":[{"embeddable":true,"href":"http:\/\/blog.andreaskahler.de\/index.php?rest_route=\/wp\/v2\/users\/2"}],"replies":[{"embeddable":true,"href":"http:\/\/blog.andreaskahler.de\/index.php?rest_route=%2Fwp%2Fv2%2Fcomments&post=62"}],"version-history":[{"count":0,"href":"http:\/\/blog.andreaskahler.de\/index.php?rest_route=\/wp\/v2\/posts\/62\/revisions"}],"wp:attachment":[{"href":"http:\/\/blog.andreaskahler.de\/index.php?rest_route=%2Fwp%2Fv2%2Fmedia&parent=62"}],"wp:term":[{"taxonomy":"category","embeddable":true,"href":"http:\/\/blog.andreaskahler.de\/index.php?rest_route=%2Fwp%2Fv2%2Fcategories&post=62"},{"taxonomy":"post_tag","embeddable":true,"href":"http:\/\/blog.andreaskahler.de\/index.php?rest_route=%2Fwp%2Fv2%2Ftags&post=62"}],"curies":[{"name":"wp","href":"https:\/\/api.w.org\/{rel}","templated":true}]}}