{"id":44,"date":"2007-12-10T15:54:24","date_gmt":"2007-12-10T13:54:24","guid":{"rendered":"http:\/\/www.andreaskahler.de\/?p=44"},"modified":"2007-12-20T16:20:43","modified_gmt":"2007-12-20T14:20:43","slug":"eu-afrika-gipfel","status":"publish","type":"post","link":"http:\/\/blog.andreaskahler.de\/?p=44","title":{"rendered":"EU-Afrika-Gipfel"},"content":{"rendered":"<p>10.12.07<br \/>\nIn den Medien R\u00c3\u00bcckblicke auf den Europa-Afrika-Gipfel in Lissabon. <!--more-->Merkel wird als Nazi beschimpft, nachdem sie wenig leisetreterisch gegen\u00c3\u00bcber Simbabwes Diktator aufhorchen lie\u00c3\u0178. Selbst Mbeki wettert gegen europ\u00c3\u00a4ische Einmischung. H\u00c3\u00b6chst kontrovers sieht man hier weiterhin die EPAs, \u00e2\u20ac\u017eEconomic Partnership Agreements\u00e2\u20ac\u0153.<br \/>\nDie dieser Tage so energisch beschworene \u00e2\u20ac\u017ePartnerschaft\u00e2\u20ac\u0153 der Kontinente gleicht bis auf Weiteres eher Wunschdenken.<\/p>\n","protected":false},"excerpt":{"rendered":"<p>10.12.07 In den Medien R\u00c3\u00bcckblicke auf den Europa-Afrika-Gipfel in Lissabon.<\/p>\n","protected":false},"author":2,"featured_media":0,"comment_status":"open","ping_status":"open","sticky":false,"template":"","format":"standard","meta":[],"categories":[1],"tags":[],"_links":{"self":[{"href":"http:\/\/blog.andreaskahler.de\/index.php?rest_route=\/wp\/v2\/posts\/44"}],"collection":[{"href":"http:\/\/blog.andreaskahler.de\/index.php?rest_route=\/wp\/v2\/posts"}],"about":[{"href":"http:\/\/blog.andreaskahler.de\/index.php?rest_route=\/wp\/v2\/types\/post"}],"author":[{"embeddable":true,"href":"http:\/\/blog.andreaskahler.de\/index.php?rest_route=\/wp\/v2\/users\/2"}],"replies":[{"embeddable":true,"href":"http:\/\/blog.andreaskahler.de\/index.php?rest_route=%2Fwp%2Fv2%2Fcomments&post=44"}],"version-history":[{"count":0,"href":"http:\/\/blog.andreaskahler.de\/index.php?rest_route=\/wp\/v2\/posts\/44\/revisions"}],"wp:attachment":[{"href":"http:\/\/blog.andreaskahler.de\/index.php?rest_route=%2Fwp%2Fv2%2Fmedia&parent=44"}],"wp:term":[{"taxonomy":"category","embeddable":true,"href":"http:\/\/blog.andreaskahler.de\/index.php?rest_route=%2Fwp%2Fv2%2Fcategories&post=44"},{"taxonomy":"post_tag","embeddable":true,"href":"http:\/\/blog.andreaskahler.de\/index.php?rest_route=%2Fwp%2Fv2%2Ftags&post=44"}],"curies":[{"name":"wp","href":"https:\/\/api.w.org\/{rel}","templated":true}]}}