{"id":41,"date":"2007-11-27T15:49:33","date_gmt":"2007-11-27T13:49:33","guid":{"rendered":"http:\/\/www.andreaskahler.de\/?p=41"},"modified":"2007-12-20T16:12:34","modified_gmt":"2007-12-20T14:12:34","slug":"dezentralisierung-%e2%80%93-findet-vor-allem-in-der-hauptstadt-statt","status":"publish","type":"post","link":"http:\/\/blog.andreaskahler.de\/?p=41","title":{"rendered":"Dezentralisierung \u00e2\u20ac\u201c findet vor allem in der Hauptstadt statt."},"content":{"rendered":"<p><!--more--><strong>5.12.07<\/strong><br \/>\nWohne bei Kollegin S.K. in der \u00e2\u20ac\u017ePr\u00c3\u00a4sidentenstra\u00c3\u0178e\u00e2\u20ac\u0153, also da, wo Zambias Altpr\u00c3\u00a4sidenten Chiluba und K.K., Dr. Kenneth Kaunda residieren. Nach Monaten Wohnungssuche ist sie mit Tochter in einer h\u00c3\u00bcbschen Villa mit Pool gelandet. Ich erfahre, dass wegen den Minenleuten in Solwezi selbst in der Hauptstadt die Immobilien noch knapper werden. Denn wenn die neuen Miner von Kansanshi und Lumwana Mine ins Land einreisen, wollen die Frauen mit Kindern in Lusaka bleiben, w\u00c3\u00a4hrend die M\u00c3\u00a4nner zum Arbeiten weiter nach Nordwesten ziehen.<\/p>\n<p><strong>4.12.07<\/strong><br \/>\nBin f\u00c3\u00bcr eine InWent-Tagung \u00c3\u00bcber Dezentralisierung nach Lusaka gekommen \u00e2\u20ac\u201c die passend zum Thema in einem Vorstadt-Motel stattfand. Zumindest am Rande der Veranstaltung passieren fruchtbare Dinge, z.B. lerne ich Solwezis District Commissionar und einzigen Stadtplaner kennen. Und dieser fragt mich doch glatt nach Kooperationsm\u00c3\u00b6glichkeiten mit der deutschen EZ, also DED oder GTZ. Mal sehen, f\u00c3\u00bcr Solwezi, die Stadt ohne Plan, w\u00c3\u00a4re das jedenfalls mehr als lohnend. Letztlich w\u00c3\u00a4re zwar lediglich eine PPP \u00e2\u20ac\u201c Public-Private-Partnership realistisch, aber momentan geht es ja erst einmal darum, \u00c3\u00bcberhaupt die Grundlagen einer Stadtplanung zu schaffen.<\/p>\n<p><strong>27.11.07<\/strong><br \/>\nEine doppelte Krise \u00c3\u00bcberschattet zusehends die Zusammenarbeit mit \u00e2\u20ac\u017emeinem\u00e2\u20ac\u0153 NGO-Netzwerk: Die Vorstandsspitze von CSPR ist illegalerweise im Amt, n\u00c3\u00a4mlich ohne wirklich eine eigene NGO zu repr\u00c3\u00a4sentieren, die im Register eingetragen w\u00c3\u00a4re. GTZ warnt, die Zusammenarbeit aufzuk\u00c3\u00bcndigen, wenn sich an diesem Zustand nichts \u00c3\u00a4ndert. Zudem ist das Sekretariat des Dachverbands m\u00c3\u00a4chtig angeschlagen, nachdem die meisten Mitarbeiter aus Frust \u00c3\u00bcber den Vorstand gek\u00c3\u00bcndigt haben. Und leider ist bisher kein Aufbegehren der Mitgliedsschaft gegen den Vorstand in Sicht.<\/p>\n","protected":false},"excerpt":{"rendered":"","protected":false},"author":2,"featured_media":0,"comment_status":"open","ping_status":"open","sticky":false,"template":"","format":"standard","meta":[],"categories":[1],"tags":[],"_links":{"self":[{"href":"http:\/\/blog.andreaskahler.de\/index.php?rest_route=\/wp\/v2\/posts\/41"}],"collection":[{"href":"http:\/\/blog.andreaskahler.de\/index.php?rest_route=\/wp\/v2\/posts"}],"about":[{"href":"http:\/\/blog.andreaskahler.de\/index.php?rest_route=\/wp\/v2\/types\/post"}],"author":[{"embeddable":true,"href":"http:\/\/blog.andreaskahler.de\/index.php?rest_route=\/wp\/v2\/users\/2"}],"replies":[{"embeddable":true,"href":"http:\/\/blog.andreaskahler.de\/index.php?rest_route=%2Fwp%2Fv2%2Fcomments&post=41"}],"version-history":[{"count":0,"href":"http:\/\/blog.andreaskahler.de\/index.php?rest_route=\/wp\/v2\/posts\/41\/revisions"}],"wp:attachment":[{"href":"http:\/\/blog.andreaskahler.de\/index.php?rest_route=%2Fwp%2Fv2%2Fmedia&parent=41"}],"wp:term":[{"taxonomy":"category","embeddable":true,"href":"http:\/\/blog.andreaskahler.de\/index.php?rest_route=%2Fwp%2Fv2%2Fcategories&post=41"},{"taxonomy":"post_tag","embeddable":true,"href":"http:\/\/blog.andreaskahler.de\/index.php?rest_route=%2Fwp%2Fv2%2Ftags&post=41"}],"curies":[{"name":"wp","href":"https:\/\/api.w.org\/{rel}","templated":true}]}}