{"id":38,"date":"2007-10-31T15:44:03","date_gmt":"2007-10-31T13:44:03","guid":{"rendered":"http:\/\/www.andreaskahler.de\/?p=38"},"modified":"2007-12-20T16:18:44","modified_gmt":"2007-12-20T14:18:44","slug":"mehr-od-weniger-politisches-im-oktober","status":"publish","type":"post","link":"http:\/\/blog.andreaskahler.de\/?p=38","title":{"rendered":"Mehr od. weniger Politisches im Oktober"},"content":{"rendered":"<p>Dieses Jahr beging man ja weltweit Halbzeitbilanzen zu den MDGs, den Millenium Development Goals: den acht Entwicklungszielen, die bis 2015 zu erf\u00c3\u00bcllen sind. <!--more-->Zambias vergleichsweise gutes Abschneiden verbl\u00c3\u00bcfft, weil es so sehr von der vor Ort erlebbaren Wirklichkeit abzusehen scheint. Nat\u00c3\u00bcrlich lassen sich diese Erfolge auf dem Papier nur begr\u00c3\u00bc\u00c3\u0178en. Und doch wachsen einem die Zweifel am Wert der Messung \u00e2\u20ac\u201c besonders wenn die Zwischenbilanz dazu f\u00c3\u00bchrt, dass Zambia gar als \u00e2\u20ac\u017eModell nachhaltiger Entwicklung\u00e2\u20ac\u0153 gepriesen wird. Sp\u00c3\u00a4testens da verkehrt sich Gutgemeintes in eine L\u00c3\u00bcge.<br \/>\nRealismus tut not. Mag sein, dass Deutschlands offizielle L\u00c3\u00a4nderbenotung ausgesprochen schmeichelhaft f\u00c3\u00bcr Zambia ausf\u00c3\u00a4llt, gemessen an den relativen Fortschritten bei den MDGs. Aber wir m\u00c3\u00bcssen die besonders schlechte Ausgangslage ber\u00c3\u00bccksichtigen sowie die ziemlich g\u00c3\u00bcnstigen Rahmenbedingungen (keine Konflikte, enormer Ressourcenreichtum, gestiegene Weltmarktnachfrage f\u00c3\u00bcr Rohmetalle etc.). Fast der halbe Staatshaushalt kommt nach wie vor von Drittl\u00c3\u00a4ndern nach Lusaka, und die Erfolge sind nicht nur arg relativ, sondern sehr punktuell und prek\u00c3\u00a4r. Malaria hat etwa viel mit Wetter und Klima zu tun; die gr\u00c3\u00b6bsten Ursachen der schrecklichen Kindersterblichkeit zu mindern gelingt einfacher, als danach ein einigerma\u00c3\u0178en passables Niveau zu halten, und \u00e2\u20ac\u201c mit Verlaub \u00e2\u20ac\u201c wie viel wenige schlimm sind 16 statt 18 % Infektionsrate in puncto HIV\/Aids?<br \/>\nNat\u00c3\u00bcrlich: das ist ein Gl\u00c3\u00bcck, aber \u00e2\u20ac\u017eErfolgsmodell\u00e2\u20ac\u0153? Vorbild nachhaltiger Entwicklung klingt wie ein Hohn (zu schweigen davon, dass dieses Konzept hier \u00c3\u00bcberhaupt keinen Widerhall findet bisher), wo jede Vereinbarkeit mit dem Leitbild blo\u00c3\u0178 Notlagen und blankem Mangel geschuldet ist statt Wahl, Entscheidung, Reflexion oder Pr\u00c3\u00a4ferenzbeeinflussungen). Die Wertung erinnert an den deutschen Kollegen, der hier die Armut lobt, weil sie die Umwelt schone. Zugleich schl\u00c3\u00a4gt er und seine Ehefrau jedoch vor, die Leute aus unserer artenreichen, d\u00c3\u00bcnn besiedelten Nordwestprovinz ganz zu entfernen, also umzusiedeln, damit sich die Natur noch besser erhalte. Tolle Entwicklungshilfe.<br \/>\n\u00e2\u20ac\u017eNachhaltigkeit\u00e2\u20ac\u0153 bei einer Lebenserwartung von unter 40 Jahren! Was sind denn das f\u00c3\u00bcr Vorstellungen. Kabwe geh\u00c3\u00b6rt zu den am meisten von Schadstoffen belasteten St\u00c3\u00a4dten der ganzen Welt, der Copperbelt insgesamt hat erhebliche Umweltprobleme, und schon heute z\u00c3\u00a4hlt das Land zu denen mit den meisten Toten und Verletzten im Strassenverkehr (obwohl noch fast keiner ein Auto hat). Genug f\u00c3\u00bcr jetzt.<\/p>\n<p><strong>26.10-07<\/strong><br \/>\nTypisch Solwezi: \u00e2\u20ac\u017eHey Bebe, like to watch my blast?\u00e2\u20ac\u0153 &#8211; Schatz, willste meine Explosion anschauen?, macht der wei\u00c3\u0178e Minenarbeiter eine H\u00c3\u00bcbsche der Nacht an.<br \/>\nHarte Jungs, von denen manche auch schon mal vor \u00e2\u20ac\u017eShoprite\u00e2\u20ac\u0153 , dem Supermarkt, mit gewaltigem Wassermaschinengewehr rumspielen.<\/p>\n<p><strong>25.10.07<\/strong><br \/>\nDr. Mwanawasa \u00e2\u20ac\u201c der Staatschef w\u00c3\u00bcnscht seit seinem Amerikabesuch neulich als  Doktor angeredet zu werden, hat ihm doch irgendeine Uni die Ehrendoktorw\u00c3\u00bcrde verliehen \u00e2\u20ac\u201c beschw\u00c3\u00b6rt, wo er steht und geht, die Gr\u00c3\u00b6\u00c3\u0178e Chinas. Und zwar nicht nur als gro\u00c3\u0178en Freund seines Volkes, sondern in jeder Hinsicht bester aller m\u00c3\u00b6glichen Welten. Zambias Zukunft hei\u00c3\u0178t China, und je mehr Chinesen kommen, desto besser, wenn es nach ihm geht.<\/p>\n<p><strong>24.10.007<br \/>\n\u00e2\u20ac\u017eHappy Independence!\u00e2\u20ac\u0153<\/strong>, w\u00c3\u00bcnschten sich die Leute einander schon in der Vornacht zum heutigen Independence Day. Leider widmet sich dem Gedenken der Friedensk\u00c3\u00a4mpfer eigentlich nur die politische Kaste. In der Hauptstadt soll es einen Gedenkmarsch geben etc. Hier kriegt man davon nichts mit. (Dabei k\u00c3\u00b6nnte der Feiertag aktuell sein, wenn es um die Unabh\u00c3\u00a4ngigkeit der Nation ging, wovon das Land de facto weit entfernt erscheint.)<\/p>\n<p>Vergiss Darwin nicht.<\/p>\n<p>genus |\u00cb\u02c6j\u00c4\u201cn\u00c9\u2122s| |\u00cb\u0152d\u00ca\u2019in\u00c9\u2122s| |\u00cb\u0152d\u00ca\u2019i\u00cb\u0090n\u00c9\u2122s| |\u00cb\u0152d\u00ca\u2019\u00c9\u203an\u00c9\u2122s|<br \/>\nnoun ( pl. genera |\u00cb\u02c6jen\u00c9\u2122r\u00c9\u2122| |\u00cb\u0152d\u00ca\u2019\u00c9\u203an\u00c9\u2122r\u00c9\u2122| |\u00cb\u0152d\u00ca\u2019\u00c9\u203an(\u00c9\u2122)r\u00c9\u2122|or genuses) Biology<br \/>\na grouping of organisms having common characteristics distinct from those of other such groupings. The genus is a principal taxonomic category that ranks above species and below family, and is denoted by a capitalized Latin name, e.g., Leo.<br \/>\n\u00e2\u20ac\u00a2 (in philosophical and general use) a class of things that have common characteristics and that can be divided into subordinate kinds.<br \/>\nORIGIN mid 16th cent.: from Latin, \u00e2\u20ac\u02dcbirth, race, stock.\u00e2\u20ac\u2122<\/p>\n<p><strong>19.10.07<\/strong><br \/>\nRaussschmiss des PS, Permanent Secretary: Mwanawasa schickt seinen Provinz-Gesandten in Rente \u00e2\u20ac\u201c vermutlich weil er ihm zu wenig China-freundlich vorkam. District Commissionar und Planer wurden schon ausgewechselt. Damit ist nun praktisch die gesamte Regionalregierung ausgetauscht, sowohl auf Provinz wie auf Distriktebene, was f\u00c3\u00bcr die Geschicke Solwezis nicht eben hilfreich ist, w\u00c3\u00a4re es doch eher auf Best\u00c3\u00a4ndigkeit angwiesen bei all dem rasanten Wandel, der \u00c3\u00bcber die Stadt hereinbricht.<\/p>\n<p><strong>17.10.07, World Poverty Day<\/strong><br \/>\nSowohl UN als Regierung weigern sich, den durch CSPR organisierten Tag mit zu begehen. Passt er nicht in die Erfolgsstimmung des Pr\u00c3\u00a4sidenten? Will man das Reden \u00c3\u00bcber Armut stoppen, um sie so \u00e2\u20ac\u017eaus der Welt zu schaffen\u00e2\u20ac\u0153? (Oder war das Ganze schlicht zu doof organisiert worden?)<\/p>\n","protected":false},"excerpt":{"rendered":"<p>Dieses Jahr beging man ja weltweit Halbzeitbilanzen zu den MDGs, den Millenium Development Goals: den acht Entwicklungszielen, die bis 2015 zu erf\u00c3\u00bcllen sind.<\/p>\n","protected":false},"author":2,"featured_media":0,"comment_status":"open","ping_status":"open","sticky":false,"template":"","format":"standard","meta":[],"categories":[1],"tags":[],"_links":{"self":[{"href":"http:\/\/blog.andreaskahler.de\/index.php?rest_route=\/wp\/v2\/posts\/38"}],"collection":[{"href":"http:\/\/blog.andreaskahler.de\/index.php?rest_route=\/wp\/v2\/posts"}],"about":[{"href":"http:\/\/blog.andreaskahler.de\/index.php?rest_route=\/wp\/v2\/types\/post"}],"author":[{"embeddable":true,"href":"http:\/\/blog.andreaskahler.de\/index.php?rest_route=\/wp\/v2\/users\/2"}],"replies":[{"embeddable":true,"href":"http:\/\/blog.andreaskahler.de\/index.php?rest_route=%2Fwp%2Fv2%2Fcomments&post=38"}],"version-history":[{"count":0,"href":"http:\/\/blog.andreaskahler.de\/index.php?rest_route=\/wp\/v2\/posts\/38\/revisions"}],"wp:attachment":[{"href":"http:\/\/blog.andreaskahler.de\/index.php?rest_route=%2Fwp%2Fv2%2Fmedia&parent=38"}],"wp:term":[{"taxonomy":"category","embeddable":true,"href":"http:\/\/blog.andreaskahler.de\/index.php?rest_route=%2Fwp%2Fv2%2Fcategories&post=38"},{"taxonomy":"post_tag","embeddable":true,"href":"http:\/\/blog.andreaskahler.de\/index.php?rest_route=%2Fwp%2Fv2%2Ftags&post=38"}],"curies":[{"name":"wp","href":"https:\/\/api.w.org\/{rel}","templated":true}]}}