{"id":166,"date":"2010-09-22T15:20:42","date_gmt":"2010-09-22T13:20:42","guid":{"rendered":"http:\/\/blog.andreaskahler.de\/?p=166"},"modified":"2010-10-26T15:27:06","modified_gmt":"2010-10-26T13:27:06","slug":"entspannungsgeste-nach-zwist-mit-geberlandern","status":"publish","type":"post","link":"http:\/\/blog.andreaskahler.de\/?p=166","title":{"rendered":"Entspannungsgeste nach Zwist mit Geberl\u00c3\u00a4ndern"},"content":{"rendered":"<p>\u00e2\u20ac\u017eWer uns satt hat, sollte seine Koffer packen und gehen\u00e2\u20ac\u0153, erwiderte ein verdrossener Pr\u00c3\u00a4sident Banda auf \u00c3\u201eu\u00c3\u0178erungen ausl\u00c3\u00a4ndischer Diplomaten erwidert, als sie die Ablehnung einer Korruptionsklage gegen Expr\u00c3\u00a4sident Chiluba kritisierten. Das war im August, nachdem neue Korruptionsf\u00c3\u00a4lle etwa im Gesundheitsministerium und Stra\u00c3\u0178enbau dazu gef\u00c3\u00bchrt hatten, dass mehrere Geberl\u00c3\u00a4nder ihre Entwicklungsgelder eingefroren hatten. Staatszeitungen sekundierten vor einem Monat, die \u00e2\u20ac\u017eGeber m\u00c3\u00bcssen ihr Image erneuern\u00e2\u20ac\u0153; Entwicklungshilfe sei so herabw\u00c3\u00bcrdigend und falsch, wie es im Land \u00c3\u00bcber 70 Jahre das rassistische Gebaren der Kolonialm\u00c3\u00a4chte gewesen sei. Und auch Wa Mutharika, Staatspr\u00c3\u00a4sident von Malawi, sprang Pr\u00c3\u00a4sident Banda mit einer donor-Schelte zu Seite. Die Hitze des Zwists liess sich \u00e2\u20ac\u201c wenn \u00c3\u00bcberhaupt &#8211; nur vor dem Hintergrund der beginnenden Wahlkampfes (2011 finden Pr\u00c3\u00a4sidentschaftswahlen statt) verstehen. Und es konnte dabei erschrecken, wie rasch sich dieser Groll ausweitete; etwa sogleich auch gegen kritische Geister wie Peter Henriot von den Jesuiten sowie die gesamte \u00e2\u20ac\u017eR\u00c3\u00b6misch-katholische Kirche, deren Priester f\u00c3\u00bcr zivilen Ungehorsam agitieren\u00e2\u20ac\u0153, richtete.<br \/>\nNun, Freitag jedoch, kurz bevor die New Yorker UN-Konferenz (http:\/\/www.un.org\/en\/mdg\/summit2010\/) ihre gemischte Zwischenbilanz zur Entwicklungshilfe zog, sandte Banda in seiner Regierungserkl\u00c3\u00a4rung klare Entspannungssignale aus; w\u00c3\u00bcrdigte die cooperating partners in den gemeinsamen Anstrengungen zur Erreichung der Millenniumsentwicklungsziele. Die Zeitungen berichten \u00c3\u00bcber sehr freundliche Begegnungen mit mehreren westlichen Botschaftern. Der Zwist scheint beigelegt. <\/p>\n","protected":false},"excerpt":{"rendered":"<p>\u00e2\u20ac\u017eWer uns satt hat, sollte seine Koffer packen und gehen\u00e2\u20ac\u0153, erwiderte ein verdrossener Pr\u00c3\u00a4sident Banda auf \u00c3\u201eu\u00c3\u0178erungen ausl\u00c3\u00a4ndischer Diplomaten erwidert, als sie die Ablehnung einer Korruptionsklage gegen Expr\u00c3\u00a4sident Chiluba kritisierten. Das war im August, nachdem neue Korruptionsf\u00c3\u00a4lle etwa im Gesundheitsministerium und Stra\u00c3\u0178enbau dazu gef\u00c3\u00bchrt hatten, dass mehrere Geberl\u00c3\u00a4nder ihre Entwicklungsgelder eingefroren hatten. Staatszeitungen sekundierten vor [&hellip;]<\/p>\n","protected":false},"author":2,"featured_media":0,"comment_status":"open","ping_status":"open","sticky":false,"template":"","format":"standard","meta":[],"categories":[5,3],"tags":[],"_links":{"self":[{"href":"http:\/\/blog.andreaskahler.de\/index.php?rest_route=\/wp\/v2\/posts\/166"}],"collection":[{"href":"http:\/\/blog.andreaskahler.de\/index.php?rest_route=\/wp\/v2\/posts"}],"about":[{"href":"http:\/\/blog.andreaskahler.de\/index.php?rest_route=\/wp\/v2\/types\/post"}],"author":[{"embeddable":true,"href":"http:\/\/blog.andreaskahler.de\/index.php?rest_route=\/wp\/v2\/users\/2"}],"replies":[{"embeddable":true,"href":"http:\/\/blog.andreaskahler.de\/index.php?rest_route=%2Fwp%2Fv2%2Fcomments&post=166"}],"version-history":[{"count":0,"href":"http:\/\/blog.andreaskahler.de\/index.php?rest_route=\/wp\/v2\/posts\/166\/revisions"}],"wp:attachment":[{"href":"http:\/\/blog.andreaskahler.de\/index.php?rest_route=%2Fwp%2Fv2%2Fmedia&parent=166"}],"wp:term":[{"taxonomy":"category","embeddable":true,"href":"http:\/\/blog.andreaskahler.de\/index.php?rest_route=%2Fwp%2Fv2%2Fcategories&post=166"},{"taxonomy":"post_tag","embeddable":true,"href":"http:\/\/blog.andreaskahler.de\/index.php?rest_route=%2Fwp%2Fv2%2Ftags&post=166"}],"curies":[{"name":"wp","href":"https:\/\/api.w.org\/{rel}","templated":true}]}}