{"id":158,"date":"2010-08-20T12:09:33","date_gmt":"2010-08-20T10:09:33","guid":{"rendered":"http:\/\/blog.andreaskahler.de\/?p=158"},"modified":"2010-08-20T12:09:33","modified_gmt":"2010-08-20T10:09:33","slug":"minister-niebel-kommt","status":"publish","type":"post","link":"http:\/\/blog.andreaskahler.de\/?p=158","title":{"rendered":"Minister Niebel kommt"},"content":{"rendered":"<p>Anl\u00c3\u00a4sslich eines Empfangs f\u00c3\u00bcr sambische und deutsche Wirtschaftsvertreter k\u00c3\u00bcndigt  Botschafter Frank Meyke offiziell den Besuch durch Bundesminister Dirk Niebel an.<br \/>\nNiebel wird mit Delegation Anfang Dezember mehrere St\u00c3\u00a4dte in Sambia besuchen; zwei Schwerpunkte dabei sind Bergbau und Tourismus.<br \/>\nKollegInnen sagen, somit stehe von deutscher Seite aus \u00e2\u20ac\u017eseit Menschengedenken&#8220; der erste Ministerbesuch vor der T\u00c3\u00bcr.<br \/>\nW\u00c3\u00a4hrend der vergangenen Jahre besuchten Sambia allenfalls einmal Bundestagsabgeordnete, aber niemals h\u00c3\u00b6here Regierungsvertreter.<br \/>\nNat\u00c3\u00bcrlich sorgt die Ank\u00c3\u00bcndigung hier innerhalb der  deutschen Entwicklungszusammenarbeit nun f\u00c3\u00bcr einigen Wirbel. Ist ja schlie\u00c3\u0178lich eine gro\u00c3\u0178e Chance, einen positiven \u00e2\u20ac\u017eHingucker&#8220; f\u00c3\u00bcr Sambia und deutsche EZ zu erzielen.<\/p>\n","protected":false},"excerpt":{"rendered":"<p>Anl\u00c3\u00a4sslich eines Empfangs f\u00c3\u00bcr sambische und deutsche Wirtschaftsvertreter k\u00c3\u00bcndigt Botschafter Frank Meyke offiziell den Besuch durch Bundesminister Dirk Niebel an. Niebel wird mit Delegation Anfang Dezember mehrere St\u00c3\u00a4dte in Sambia besuchen; zwei Schwerpunkte dabei sind Bergbau und Tourismus. KollegInnen sagen, somit stehe von deutscher Seite aus \u00e2\u20ac\u017eseit Menschengedenken&#8220; der erste Ministerbesuch vor der T\u00c3\u00bcr. W\u00c3\u00a4hrend [&hellip;]<\/p>\n","protected":false},"author":2,"featured_media":0,"comment_status":"open","ping_status":"open","sticky":false,"template":"","format":"standard","meta":[],"categories":[1,5,3],"tags":[],"_links":{"self":[{"href":"http:\/\/blog.andreaskahler.de\/index.php?rest_route=\/wp\/v2\/posts\/158"}],"collection":[{"href":"http:\/\/blog.andreaskahler.de\/index.php?rest_route=\/wp\/v2\/posts"}],"about":[{"href":"http:\/\/blog.andreaskahler.de\/index.php?rest_route=\/wp\/v2\/types\/post"}],"author":[{"embeddable":true,"href":"http:\/\/blog.andreaskahler.de\/index.php?rest_route=\/wp\/v2\/users\/2"}],"replies":[{"embeddable":true,"href":"http:\/\/blog.andreaskahler.de\/index.php?rest_route=%2Fwp%2Fv2%2Fcomments&post=158"}],"version-history":[{"count":0,"href":"http:\/\/blog.andreaskahler.de\/index.php?rest_route=\/wp\/v2\/posts\/158\/revisions"}],"wp:attachment":[{"href":"http:\/\/blog.andreaskahler.de\/index.php?rest_route=%2Fwp%2Fv2%2Fmedia&parent=158"}],"wp:term":[{"taxonomy":"category","embeddable":true,"href":"http:\/\/blog.andreaskahler.de\/index.php?rest_route=%2Fwp%2Fv2%2Fcategories&post=158"},{"taxonomy":"post_tag","embeddable":true,"href":"http:\/\/blog.andreaskahler.de\/index.php?rest_route=%2Fwp%2Fv2%2Ftags&post=158"}],"curies":[{"name":"wp","href":"https:\/\/api.w.org\/{rel}","templated":true}]}}