{"id":126,"date":"2009-07-10T15:03:25","date_gmt":"2009-07-10T13:03:25","guid":{"rendered":"http:\/\/www.andreaskahler.de\/?p=126"},"modified":"2009-08-23T16:05:17","modified_gmt":"2009-08-23T14:05:17","slug":"g8-oder-g300","status":"publish","type":"post","link":"http:\/\/blog.andreaskahler.de\/?p=126","title":{"rendered":"G8 oder G300?"},"content":{"rendered":"<p>Aus L\u00e2\u20ac\u2122Aquila  meldet Spiegel-online recht bemerkenswerte Beschl\u00c3\u00bcsse vom G8-Treffen, eine \u00e2\u20ac\u017eKehrtwende in der Entwicklungspolitik.\u00e2\u20ac\u0153 <!--more-->Das d\u00c3\u00bcrfte freilich \u00c3\u00bcbertrieben sein, aber verst\u00c3\u00a4rkt auf die regionale Landwirtschaft in Afrika setzen zu wollen in der Zusammenarbeit ist eine sehr gute Nachricht, obschon schlichte Einsicht in Notwendigkeit, nach Jahrzehnten wo es eben nicht mehr schick war, auf l\u00c3\u00a4ndliche Entwicklung samt Agrar zu setzen.<br \/>\nKlimawandel und Weltwirtschafts- sowie Hungerkrisen sind in der Tat Grund genug, wieder umzusteuern (\u00e2\u20ac\u017elaut Weltern\u00c3\u00a4hrungsorganisation \u00c3\u00bcberschreitet die Zahl der Hungernden aufgrund der Wirtschaftskrise in diesem Jahr erstmals die Milliardenschwelle\u00e2\u20ac\u0153).<br \/>\nWaren am \u00e2\u20ac\u017eG8-Gipfel\u00e2\u20ac\u0153 schon in Wirklichkeit 28 Staaaten und 13 internationale Organisationen beteiligt, so hie\u00c3\u0178 es am Schluss, k\u00c3\u00bcnftig mindestens ein \u00e2\u20ac\u017eG14-Gipfel\u00e2\u20ac\u0153 abhalten zu wollen (Sarkozy). Beim NGO-Gipfel w\u00c3\u00a4hrend der Vorwoche waren mehr als dreihundert nichtstaatliche Repr\u00c3\u00a4sentantInnen aus aller Welt dabei. Doch der Br\u00c3\u00bcckenschlag d\u00c3\u00bcrfte schwierig werden.<\/p>\n","protected":false},"excerpt":{"rendered":"<p>Aus L\u00e2\u20ac\u2122Aquila meldet Spiegel-online recht bemerkenswerte Beschl\u00c3\u00bcsse vom G8-Treffen, eine \u00e2\u20ac\u017eKehrtwende in der Entwicklungspolitik.\u00e2\u20ac\u0153<\/p>\n","protected":false},"author":2,"featured_media":0,"comment_status":"open","ping_status":"open","sticky":false,"template":"","format":"standard","meta":[],"categories":[3],"tags":[],"_links":{"self":[{"href":"http:\/\/blog.andreaskahler.de\/index.php?rest_route=\/wp\/v2\/posts\/126"}],"collection":[{"href":"http:\/\/blog.andreaskahler.de\/index.php?rest_route=\/wp\/v2\/posts"}],"about":[{"href":"http:\/\/blog.andreaskahler.de\/index.php?rest_route=\/wp\/v2\/types\/post"}],"author":[{"embeddable":true,"href":"http:\/\/blog.andreaskahler.de\/index.php?rest_route=\/wp\/v2\/users\/2"}],"replies":[{"embeddable":true,"href":"http:\/\/blog.andreaskahler.de\/index.php?rest_route=%2Fwp%2Fv2%2Fcomments&post=126"}],"version-history":[{"count":0,"href":"http:\/\/blog.andreaskahler.de\/index.php?rest_route=\/wp\/v2\/posts\/126\/revisions"}],"wp:attachment":[{"href":"http:\/\/blog.andreaskahler.de\/index.php?rest_route=%2Fwp%2Fv2%2Fmedia&parent=126"}],"wp:term":[{"taxonomy":"category","embeddable":true,"href":"http:\/\/blog.andreaskahler.de\/index.php?rest_route=%2Fwp%2Fv2%2Fcategories&post=126"},{"taxonomy":"post_tag","embeddable":true,"href":"http:\/\/blog.andreaskahler.de\/index.php?rest_route=%2Fwp%2Fv2%2Ftags&post=126"}],"curies":[{"name":"wp","href":"https:\/\/api.w.org\/{rel}","templated":true}]}}