{"id":11,"date":"2007-05-07T12:32:57","date_gmt":"2007-05-07T10:32:57","guid":{"rendered":"http:\/\/www.andreaskahler.de\/?p=11"},"modified":"2007-05-07T12:32:57","modified_gmt":"2007-05-07T10:32:57","slug":"007-mai","status":"publish","type":"post","link":"http:\/\/blog.andreaskahler.de\/?p=11","title":{"rendered":"007, Mai"},"content":{"rendered":"<p>3.5.07<br \/>\n007 \u00e2\u20ac\u201c G 8 \u00e2\u20ac\u201c Live 8. Ersten Pressestimmen nach zu urteilen hat das \u00e2\u20ac\u017eIntellectual Live 8 Forum for Africa\u00e2\u20ac\u0153 in Berlin einen souver\u00c3\u00a4nen Auftritt zu meistern gewusst: Statt gef\u00c3\u00a4llig nach Beifall zu heischen trugen die Live-8-Vordenker  kleine, aber treffliche Handlungsvorschl\u00c3\u00a4ge und Forderungen an die \u00c3\u2013ffentlichkeit. Wahrscheinlich h\u00c3\u00a4tte eine echte politisch-theoretische oder entwicklungspolitische Grundsatzdebatte den Rahmen gesprengt. Jedenfalls ein Ereignis, das nachwirkt. <\/p>\n<p>1.5.07<br \/>\nNochmals ausf\u00c3\u00bchrlich \u00c3\u00bcber die Spiegel-Afrikageschichte aufgeregt. Wird sich lohnen, diesen Streich bald mit Zambiern zu diskutieren: \u00e2\u20ac\u017eden Fluch\u00e2\u20ac\u0153 etwa. Ein starkes St\u00c3\u00bcck: So viel Selbstbespiegelung voller Widerspruch, Willk\u00c3\u00bcr, Mythologisierung. \u00e2\u20ac\u017eVor Ort, am Kap, kann ein Farmer wie Daan Roux &#8230; nur bitter lachen\u00e2\u20ac\u0153, hei\u00c3\u0178t das Fazit &#8211; als ob kein anderes Kap denkbar w\u00c3\u00a4re!<\/p>\n","protected":false},"excerpt":{"rendered":"<p>3.5.07 007 \u00e2\u20ac\u201c G 8 \u00e2\u20ac\u201c Live 8. Ersten Pressestimmen nach zu urteilen hat das \u00e2\u20ac\u017eIntellectual Live 8 Forum for Africa\u00e2\u20ac\u0153 in Berlin einen souver\u00c3\u00a4nen Auftritt zu meistern gewusst: Statt gef\u00c3\u00a4llig nach Beifall zu heischen trugen die Live-8-Vordenker kleine, aber treffliche Handlungsvorschl\u00c3\u00a4ge und Forderungen an die \u00c3\u2013ffentlichkeit. Wahrscheinlich h\u00c3\u00a4tte eine echte politisch-theoretische oder entwicklungspolitische Grundsatzdebatte [&hellip;]<\/p>\n","protected":false},"author":2,"featured_media":0,"comment_status":"open","ping_status":"open","sticky":false,"template":"","format":"standard","meta":[],"categories":[1],"tags":[],"_links":{"self":[{"href":"http:\/\/blog.andreaskahler.de\/index.php?rest_route=\/wp\/v2\/posts\/11"}],"collection":[{"href":"http:\/\/blog.andreaskahler.de\/index.php?rest_route=\/wp\/v2\/posts"}],"about":[{"href":"http:\/\/blog.andreaskahler.de\/index.php?rest_route=\/wp\/v2\/types\/post"}],"author":[{"embeddable":true,"href":"http:\/\/blog.andreaskahler.de\/index.php?rest_route=\/wp\/v2\/users\/2"}],"replies":[{"embeddable":true,"href":"http:\/\/blog.andreaskahler.de\/index.php?rest_route=%2Fwp%2Fv2%2Fcomments&post=11"}],"version-history":[{"count":0,"href":"http:\/\/blog.andreaskahler.de\/index.php?rest_route=\/wp\/v2\/posts\/11\/revisions"}],"wp:attachment":[{"href":"http:\/\/blog.andreaskahler.de\/index.php?rest_route=%2Fwp%2Fv2%2Fmedia&parent=11"}],"wp:term":[{"taxonomy":"category","embeddable":true,"href":"http:\/\/blog.andreaskahler.de\/index.php?rest_route=%2Fwp%2Fv2%2Fcategories&post=11"},{"taxonomy":"post_tag","embeddable":true,"href":"http:\/\/blog.andreaskahler.de\/index.php?rest_route=%2Fwp%2Fv2%2Ftags&post=11"}],"curies":[{"name":"wp","href":"https:\/\/api.w.org\/{rel}","templated":true}]}}