{"id":101,"date":"2009-04-05T16:24:47","date_gmt":"2009-04-05T14:24:47","guid":{"rendered":"http:\/\/www.andreaskahler.de\/?p=101"},"modified":"2009-04-23T15:08:02","modified_gmt":"2009-04-23T13:08:02","slug":"endlich-unser-kommunikations-workshop-in-kabompo","status":"publish","type":"post","link":"http:\/\/blog.andreaskahler.de\/?p=101","title":{"rendered":"Endlich: unser Kommunikations-Workshop in Kabompo"},"content":{"rendered":"<p>Eine Unternehmung, die mir sehr am Herzen lag, hat nach mehr als zwei Jahren des Planens, Wartens, Verschiebens letztlich ganz gut geklappt. Ja, schon Ende 2006, bevor weder Solwezi noch Kabompo mir ein Begriff waren, hatte ich von einem Workshop zur St\u00c3\u00a4rkung des zivilgesellschaftlichen Austausches sinniert.<br \/>\n<a href='http:\/\/blog.andreaskahler.de\/wp-content\/uploads\/2009\/04\/img0102a.jpg' title='Kabompo-Workshop'><img src='http:\/\/blog.andreaskahler.de\/wp-content\/uploads\/2009\/04\/img0102a.thumbnail.jpg' alt='Kabompo-Workshop' \/><\/a><br \/>\n<a href='http:\/\/blog.andreaskahler.de\/wp-content\/uploads\/2009\/04\/img0092a.jpg' title='Kabompo-Workshop-Detail'><img src='http:\/\/blog.andreaskahler.de\/wp-content\/uploads\/2009\/04\/img0092a.thumbnail.jpg' alt='Kabompo-Workshop-Detail' \/><\/a><br \/>\n<a href='http:\/\/blog.andreaskahler.de\/wp-content\/uploads\/2009\/04\/img0110a.jpg' title='Workshop-Gruppe'><img src='http:\/\/blog.andreaskahler.de\/wp-content\/uploads\/2009\/04\/img0110a.thumbnail.jpg' alt='Workshop-Gruppe' \/><\/a><br \/>\n<!--more--><br \/>\nWelche der frisch geschmiedeten Ideen nun wirklich in Taten umgesetzt werden, muss sich erst noch zeigen. Doch allein schon der Situationsanalyse halber lohnte sich die \u00c3\u0153bung. Denn im Gegensatz zur normalen Dominanz Lusakas \u00e2\u20ac\u201c auch Sambias Zivilgesellschaft ist noch weit zentralistischer, als es f\u00c3\u00bcr l\u00c3\u00a4ndliche Entwicklungen gut w\u00c3\u00a4re &#8211;  gingen wir hier von den spezifischen lokalen Umst\u00c3\u00a4nden mitten im Nordwesten aus \u00e2\u20ac\u201c wo die Tageszeitung zwei Tage versp\u00c3\u00a4tet eintrifft und wo es als Forschritt gelten muss, dass im Distriktzentrum k\u00c3\u00bcrzlich ein erstes Internetcaf\u00c3\u00a9 er\u00c3\u00b6ffnete oder dass von dort aus nun t\u00c3\u00a4glich Minibusse zum Provinzhauptst\u00c3\u00a4dtchen fahren (f\u00c3\u00bcr die, die es sich leisten k\u00c3\u00b6nnen; jede Tasche wird \u00e2\u20ac\u201c es sind halt Mini-Transporte &#8211; gesondert berechnet). Nat\u00c3\u00bcrlich lassen sich da Informationsstrategien aus Lusaka nicht einfach kopieren, sondern bed\u00c3\u00bcrfen der \u00c3\u0153bersetzung.<br \/>\nWie wendet man etwa die Kategorie \u00e2\u20ac\u017egeneral public\u00e2\u20ac\u0153 an, wenn es um Kommunikation in der Provinz geht? \u00c3\u0153berzeugend legen die NGO-VertreterInnen dar, dass bestimmte Gemeinschaften, traditionelle F\u00c3\u00bchrer und Einzelpersonen in ihrer Arbeit die wichtigeren Zielgruppen ausmachen \u00e2\u20ac\u201c im Kompromiss stellen wir diese also am Ende neben die \u00e2\u20ac\u017eallgemeine \u00c3\u2013ffentlichkeit\u00e2\u20ac\u0153.<\/p>\n","protected":false},"excerpt":{"rendered":"<p>Eine Unternehmung, die mir sehr am Herzen lag, hat nach mehr als zwei Jahren des Planens, Wartens, Verschiebens letztlich ganz gut geklappt. Ja, schon Ende 2006, bevor weder Solwezi noch Kabompo mir ein Begriff waren, hatte ich von einem Workshop zur St\u00c3\u00a4rkung des zivilgesellschaftlichen Austausches sinniert.<\/p>\n","protected":false},"author":2,"featured_media":0,"comment_status":"open","ping_status":"open","sticky":false,"template":"","format":"standard","meta":[],"categories":[1,5],"tags":[],"_links":{"self":[{"href":"http:\/\/blog.andreaskahler.de\/index.php?rest_route=\/wp\/v2\/posts\/101"}],"collection":[{"href":"http:\/\/blog.andreaskahler.de\/index.php?rest_route=\/wp\/v2\/posts"}],"about":[{"href":"http:\/\/blog.andreaskahler.de\/index.php?rest_route=\/wp\/v2\/types\/post"}],"author":[{"embeddable":true,"href":"http:\/\/blog.andreaskahler.de\/index.php?rest_route=\/wp\/v2\/users\/2"}],"replies":[{"embeddable":true,"href":"http:\/\/blog.andreaskahler.de\/index.php?rest_route=%2Fwp%2Fv2%2Fcomments&post=101"}],"version-history":[{"count":0,"href":"http:\/\/blog.andreaskahler.de\/index.php?rest_route=\/wp\/v2\/posts\/101\/revisions"}],"wp:attachment":[{"href":"http:\/\/blog.andreaskahler.de\/index.php?rest_route=%2Fwp%2Fv2%2Fmedia&parent=101"}],"wp:term":[{"taxonomy":"category","embeddable":true,"href":"http:\/\/blog.andreaskahler.de\/index.php?rest_route=%2Fwp%2Fv2%2Fcategories&post=101"},{"taxonomy":"post_tag","embeddable":true,"href":"http:\/\/blog.andreaskahler.de\/index.php?rest_route=%2Fwp%2Fv2%2Ftags&post=101"}],"curies":[{"name":"wp","href":"https:\/\/api.w.org\/{rel}","templated":true}]}}